[{"@context":"https:\/\/schema.org\/","@type":"Article","@id":"https:\/\/www.canadas-west.de\/ich-und-die-manner\/#Article","mainEntityOfPage":"https:\/\/www.canadas-west.de\/ich-und-die-manner\/","headline":"Ich und die M\u00e4nner","name":"Ich und die M\u00e4nner","description":"Ich sage mir immer, dass es an der Zeit ist, einen Mann zu finden. Ich wei\u00df nicht, woran es liegt, aber ich f\u00fchle mich wirklich nur zu Einzelpersonen hingezogen. Es gab f\u00fcnf Menschen, mit denen ich zusammen war, von denen ich dachte, dass sie es wirklich ernst meinen. Jeder Anfang war perfekt, und ich bin [&hellip;]","datePublished":"2022-02-27","dateModified":"2022-02-27","author":{"@type":"Person","@id":"https:\/\/www.canadas-west.de\/author\/#Person","name":"","url":"https:\/\/www.canadas-west.de\/author\/","identifier":1,"image":{"@type":"ImageObject","@id":"https:\/\/secure.gravatar.com\/avatar\/0ee2b6192cd06dcea0b65614729a0b10cafbccdb71fa9a5d2ca8d0d37da5c054?s=96&d=mm&r=g","url":"https:\/\/secure.gravatar.com\/avatar\/0ee2b6192cd06dcea0b65614729a0b10cafbccdb71fa9a5d2ca8d0d37da5c054?s=96&d=mm&r=g","height":96,"width":96}},"publisher":{"@type":"Organization","name":"canadas-west.de","logo":{"@type":"ImageObject","@id":"\/logo.png","url":"\/logo.png","width":600,"height":60}},"image":{"@type":"ImageObject","@id":"https:\/\/www.canadas-west.de\/wp-content\/uploads\/father-5358083_960_720.jpg","url":"https:\/\/www.canadas-west.de\/wp-content\/uploads\/father-5358083_960_720.jpg","height":0,"width":0},"url":"https:\/\/www.canadas-west.de\/ich-und-die-manner\/","about":["M\u00e4nner"],"wordCount":348,"articleBody":"Ich sage mir immer, dass es an der Zeit ist, einen Mann zu finden. Ich wei\u00df nicht, woran es liegt, aber ich f\u00fchle mich wirklich nur zu Einzelpersonen hingezogen. Es gab f\u00fcnf Menschen, mit denen ich zusammen war, von denen ich dachte, dass sie es wirklich ernst meinen. Jeder Anfang war perfekt, und ich bin sicher, das wird auch bei dir so sein. Denn am Anfang einer jeden Beziehung sind alle wirklich verliebt und tragen eine rosarote Brille. Oder eine Art Scheuklappen, durch die man nur positiv sehen kann. So geht es mir leider auch. Und ich kann an keinem Mann etwas auszusetzen haben. Und das ist mir wirklich schon mehr als f\u00fcnf Mal passiert. Ich bin mir nicht mehr sicher. Ich will nicht \u00fcber die Vergangenheit nachdenken, sondern \u00fcber die Zukunft. Aber ich wei\u00df nicht, was mit mir geschehen wird. Aber ich bin wirklich sehr misstrauisch gegen\u00fcber mir selbst und gegen\u00fcber Beziehungen.Ich verstehe nicht, warum M\u00e4nner so sind, sie verletzen Frauen wirklich sehr. Alle meine Partner waren so. Ich war bei Huren. Mindestens drei von ihnen. Hatte ich so ein Pech, dass drei meiner Partner in Bordelle gegangen sind? Warum sollte ich? Ich wusste also, dass ich mich unbedingt \u00e4ndern musste. Ich nahm mir ein Jahr Auszeit von allen Beziehungen und Verabredungen, um meine Gedanken zu sortieren und mich zu beruhigen. Und zum Gl\u00fcck hat alles geklappt, und eineinhalb Jahre sp\u00e4ter habe ich einen Partner gefunden, mit dem ich jetzt seit drei Jahren zusammen bin. Ich bin gespannt, wie sich unsere Beziehung entwickelt, und ich hoffe, dass wir am Ende gl\u00fccklich werden. Meine Schwester zum Beispiel hat ihren Partner gleich nach der Schule gefunden und sie sind jetzt zusammen. Und 10 Jahre sp\u00e4ter sind sie immer noch verliebt und haben drei Kinder. Es ist eine perfekte, gl\u00fcckliche Familie, die einen Werbespot f\u00fcr Gl\u00fcck machen k\u00f6nnte. Aber ich bin auch auf dem H\u00f6hepunkt meines Gl\u00fccks mit M\u00e4nnern und der Liebe. Ich hoffe nur, dass es bald zu Ende ist.                                                                                                                                                                                                                                                                                                                                                                                        4.4\/5 - (5 votes)        "},{"@context":"https:\/\/schema.org\/","@type":"BreadcrumbList","itemListElement":[{"@type":"ListItem","position":1,"name":"Ich und die M\u00e4nner","item":"https:\/\/www.canadas-west.de\/ich-und-die-manner\/#breadcrumbitem"}]}]