{"@context":"https:\/\/schema.org\/","@type":"CollectionPage","@id":"https:\/\/www.canadas-west.de\/geschaft\/#CollectionPage","headline":"Gesch\u00e4ft Category","description":"","url":"https:\/\/www.canadas-west.de\/geschaft\/","hasPart":[{"@type":"Article","@id":"https:\/\/www.canadas-west.de\/schutze-dich-selbst\/","headline":"Sch\u00fctze dich selbst","url":"https:\/\/www.canadas-west.de\/schutze-dich-selbst\/","datePublished":"2022-05-15","dateModified":"2022-05-15","mainEntityOfPage":"https:\/\/www.canadas-west.de\/schutze-dich-selbst\/","author":{"@type":"Person","@id":"https:\/\/www.canadas-west.de\/author\/#Person","name":"","url":"https:\/\/www.canadas-west.de\/author\/","identifier":1,"image":{"@type":"ImageObject","@id":"https:\/\/secure.gravatar.com\/avatar\/0ee2b6192cd06dcea0b65614729a0b10cafbccdb71fa9a5d2ca8d0d37da5c054?s=96&d=mm&r=g","url":"https:\/\/secure.gravatar.com\/avatar\/0ee2b6192cd06dcea0b65614729a0b10cafbccdb71fa9a5d2ca8d0d37da5c054?s=96&d=mm&r=g","height":96,"width":96}},"publisher":{"@type":"Organization","name":"canadas-west.de","logo":{"@type":"ImageObject","@id":"\/logo.png","url":"\/logo.png","width":600,"height":60}},"image":{"@type":"ImageObject","@id":"https:\/\/www.canadas-west.de\/wp-content\/uploads\/img_a288040_w1790_t1498570970.jpg","url":"https:\/\/www.canadas-west.de\/wp-content\/uploads\/img_a288040_w1790_t1498570970.jpg","height":0,"width":0},"keywords":null},{"@type":"Article","@id":"https:\/\/www.canadas-west.de\/verbindung-zweier-telefongesellschaften\/","headline":"Verbindung zweier Telefongesellschaften","url":"https:\/\/www.canadas-west.de\/verbindung-zweier-telefongesellschaften\/","datePublished":"2022-05-11","dateModified":"2022-05-11","mainEntityOfPage":"https:\/\/www.canadas-west.de\/verbindung-zweier-telefongesellschaften\/","author":{"@type":"Person","@id":"https:\/\/www.canadas-west.de\/author\/#Person","name":"","url":"https:\/\/www.canadas-west.de\/author\/","identifier":1,"image":{"@type":"ImageObject","@id":"https:\/\/secure.gravatar.com\/avatar\/0ee2b6192cd06dcea0b65614729a0b10cafbccdb71fa9a5d2ca8d0d37da5c054?s=96&d=mm&r=g","url":"https:\/\/secure.gravatar.com\/avatar\/0ee2b6192cd06dcea0b65614729a0b10cafbccdb71fa9a5d2ca8d0d37da5c054?s=96&d=mm&r=g","height":96,"width":96}},"publisher":{"@type":"Organization","name":"canadas-west.de","logo":{"@type":"ImageObject","@id":"\/logo.png","url":"\/logo.png","width":600,"height":60}},"image":null,"keywords":null},{"@type":"Article","@id":"https:\/\/www.canadas-west.de\/was-muss-in-einem-perfekten-lebenslauf-fehlen\/","headline":"Was muss in einem perfekten Lebenslauf fehlen?","url":"https:\/\/www.canadas-west.de\/was-muss-in-einem-perfekten-lebenslauf-fehlen\/","datePublished":"2021-12-26","dateModified":"2021-12-26","mainEntityOfPage":"https:\/\/www.canadas-west.de\/was-muss-in-einem-perfekten-lebenslauf-fehlen\/","author":{"@type":"Person","@id":"https:\/\/www.canadas-west.de\/author\/#Person","name":"","url":"https:\/\/www.canadas-west.de\/author\/","identifier":1,"image":{"@type":"ImageObject","@id":"https:\/\/secure.gravatar.com\/avatar\/0ee2b6192cd06dcea0b65614729a0b10cafbccdb71fa9a5d2ca8d0d37da5c054?s=96&d=mm&r=g","url":"https:\/\/secure.gravatar.com\/avatar\/0ee2b6192cd06dcea0b65614729a0b10cafbccdb71fa9a5d2ca8d0d37da5c054?s=96&d=mm&r=g","height":96,"width":96}},"publisher":{"@type":"Organization","name":"canadas-west.de","logo":{"@type":"ImageObject","@id":"\/logo.png","url":"\/logo.png","width":600,"height":60}},"image":{"@type":"ImageObject","@id":"https:\/\/www.canadas-west.de\/wp-content\/uploads\/img_a361168_w3739_t1574547056.jpg","url":"https:\/\/www.canadas-west.de\/wp-content\/uploads\/img_a361168_w3739_t1574547056.jpg","height":0,"width":0},"keywords":null},{"@type":"Article","@id":"https:\/\/www.canadas-west.de\/was-ist-perfekter-wettbewerb\/","headline":"Was ist perfekter Wettbewerb?","url":"https:\/\/www.canadas-west.de\/was-ist-perfekter-wettbewerb\/","datePublished":"2021-12-25","dateModified":"2021-12-25","mainEntityOfPage":"https:\/\/www.canadas-west.de\/was-ist-perfekter-wettbewerb\/","author":{"@type":"Person","@id":"https:\/\/www.canadas-west.de\/author\/#Person","name":"","url":"https:\/\/www.canadas-west.de\/author\/","identifier":1,"image":{"@type":"ImageObject","@id":"https:\/\/secure.gravatar.com\/avatar\/0ee2b6192cd06dcea0b65614729a0b10cafbccdb71fa9a5d2ca8d0d37da5c054?s=96&d=mm&r=g","url":"https:\/\/secure.gravatar.com\/avatar\/0ee2b6192cd06dcea0b65614729a0b10cafbccdb71fa9a5d2ca8d0d37da5c054?s=96&d=mm&r=g","height":96,"width":96}},"publisher":{"@type":"Organization","name":"canadas-west.de","logo":{"@type":"ImageObject","@id":"\/logo.png","url":"\/logo.png","width":600,"height":60}},"image":{"@type":"ImageObject","@id":"https:\/\/www.canadas-west.de\/wp-content\/uploads\/img_a371245_w4395_t1582729398.jpg","url":"https:\/\/www.canadas-west.de\/wp-content\/uploads\/img_a371245_w4395_t1582729398.jpg","height":0,"width":0},"keywords":null},{"@type":"Article","@id":"https:\/\/www.canadas-west.de\/advent-goldgrube-der-handler\/","headline":"Advent, Goldgrube der H\u00e4ndler","url":"https:\/\/www.canadas-west.de\/advent-goldgrube-der-handler\/","datePublished":"2021-12-10","dateModified":"2021-12-10","mainEntityOfPage":"https:\/\/www.canadas-west.de\/advent-goldgrube-der-handler\/","author":{"@type":"Person","@id":"https:\/\/www.canadas-west.de\/author\/#Person","name":"","url":"https:\/\/www.canadas-west.de\/author\/","identifier":1,"image":{"@type":"ImageObject","@id":"https:\/\/secure.gravatar.com\/avatar\/0ee2b6192cd06dcea0b65614729a0b10cafbccdb71fa9a5d2ca8d0d37da5c054?s=96&d=mm&r=g","url":"https:\/\/secure.gravatar.com\/avatar\/0ee2b6192cd06dcea0b65614729a0b10cafbccdb71fa9a5d2ca8d0d37da5c054?s=96&d=mm&r=g","height":96,"width":96}},"publisher":{"@type":"Organization","name":"canadas-west.de","logo":{"@type":"ImageObject","@id":"\/logo.png","url":"\/logo.png","width":600,"height":60}},"image":{"@type":"ImageObject","@id":"https:\/\/www.canadas-west.de\/wp-content\/uploads\/img_a361204_w3879_t1574582045.jpg","url":"https:\/\/www.canadas-west.de\/wp-content\/uploads\/img_a361204_w3879_t1574582045.jpg","height":0,"width":0},"keywords":null},{"@type":"Article","@id":"https:\/\/www.canadas-west.de\/grosshandler-durfen-an-feiertagen-offnen\/","headline":"Gro\u00dfh\u00e4ndler d\u00fcrfen an Feiertagen \u00f6ffnen","url":"https:\/\/www.canadas-west.de\/grosshandler-durfen-an-feiertagen-offnen\/","datePublished":"2021-11-22","dateModified":"2021-11-22","mainEntityOfPage":"https:\/\/www.canadas-west.de\/grosshandler-durfen-an-feiertagen-offnen\/","author":{"@type":"Person","@id":"https:\/\/www.canadas-west.de\/author\/#Person","name":"","url":"https:\/\/www.canadas-west.de\/author\/","identifier":1,"image":{"@type":"ImageObject","@id":"https:\/\/secure.gravatar.com\/avatar\/0ee2b6192cd06dcea0b65614729a0b10cafbccdb71fa9a5d2ca8d0d37da5c054?s=96&d=mm&r=g","url":"https:\/\/secure.gravatar.com\/avatar\/0ee2b6192cd06dcea0b65614729a0b10cafbccdb71fa9a5d2ca8d0d37da5c054?s=96&d=mm&r=g","height":96,"width":96}},"publisher":{"@type":"Organization","name":"canadas-west.de","logo":{"@type":"ImageObject","@id":"\/logo.png","url":"\/logo.png","width":600,"height":60}},"image":{"@type":"ImageObject","@id":"https:\/\/www.canadas-west.de\/wp-content\/uploads\/img_a361795_w3727_t1574891064.jpg","url":"https:\/\/www.canadas-west.de\/wp-content\/uploads\/img_a361795_w3727_t1574891064.jpg","height":0,"width":0},"keywords":null},{"@type":"Article","@id":"https:\/\/www.canadas-west.de\/dlouhodoba-nezamestnanost-je-risk-pro-dusevni-zdravi\/","headline":"Dlouhodob\u00e1 nezam\u011bstnanost je risk pro du\u0161evn\u00ed zdrav\u00ed","url":"https:\/\/www.canadas-west.de\/dlouhodoba-nezamestnanost-je-risk-pro-dusevni-zdravi\/","datePublished":"2021-09-17","dateModified":"2021-09-17","mainEntityOfPage":"https:\/\/www.canadas-west.de\/dlouhodoba-nezamestnanost-je-risk-pro-dusevni-zdravi\/","author":{"@type":"Person","@id":"https:\/\/www.canadas-west.de\/author\/#Person","name":"","url":"https:\/\/www.canadas-west.de\/author\/","identifier":1,"image":{"@type":"ImageObject","@id":"https:\/\/secure.gravatar.com\/avatar\/0ee2b6192cd06dcea0b65614729a0b10cafbccdb71fa9a5d2ca8d0d37da5c054?s=96&d=mm&r=g","url":"https:\/\/secure.gravatar.com\/avatar\/0ee2b6192cd06dcea0b65614729a0b10cafbccdb71fa9a5d2ca8d0d37da5c054?s=96&d=mm&r=g","height":96,"width":96}},"publisher":{"@type":"Organization","name":"canadas-west.de","logo":{"@type":"ImageObject","@id":"\/logo.png","url":"\/logo.png","width":600,"height":60}},"image":{"@type":"ImageObject","@id":"https:\/\/www.canadas-west.de\/wp-content\/uploads\/img_a337625_w2070_t1550664440.jpg","url":"https:\/\/www.canadas-west.de\/wp-content\/uploads\/img_a337625_w2070_t1550664440.jpg","height":0,"width":0},"keywords":null},{"@type":"Article","@id":"https:\/\/www.canadas-west.de\/business-tipps\/","headline":"Business-Tipps","url":"https:\/\/www.canadas-west.de\/business-tipps\/","datePublished":"2021-09-06","dateModified":"2021-09-06","mainEntityOfPage":"https:\/\/www.canadas-west.de\/business-tipps\/","author":{"@type":"Person","@id":"https:\/\/www.canadas-west.de\/author\/#Person","name":"","url":"https:\/\/www.canadas-west.de\/author\/","identifier":1,"image":{"@type":"ImageObject","@id":"https:\/\/secure.gravatar.com\/avatar\/0ee2b6192cd06dcea0b65614729a0b10cafbccdb71fa9a5d2ca8d0d37da5c054?s=96&d=mm&r=g","url":"https:\/\/secure.gravatar.com\/avatar\/0ee2b6192cd06dcea0b65614729a0b10cafbccdb71fa9a5d2ca8d0d37da5c054?s=96&d=mm&r=g","height":96,"width":96}},"publisher":{"@type":"Organization","name":"canadas-west.de","logo":{"@type":"ImageObject","@id":"\/logo.png","url":"\/logo.png","width":600,"height":60}},"image":{"@type":"ImageObject","@id":"https:\/\/www.canadas-west.de\/wp-content\/uploads\/img_a370776_w4280_t1582355599.png","url":"https:\/\/www.canadas-west.de\/wp-content\/uploads\/img_a370776_w4280_t1582355599.png","height":0,"width":0},"keywords":null},{"@type":"Article","@id":"https:\/\/www.canadas-west.de\/kunst-als-investition\/","headline":"Kunst als Investition","url":"https:\/\/www.canadas-west.de\/kunst-als-investition\/","datePublished":"2021-04-19","dateModified":"2021-04-19","mainEntityOfPage":"https:\/\/www.canadas-west.de\/kunst-als-investition\/","author":{"@type":"Person","@id":"https:\/\/www.canadas-west.de\/author\/#Person","name":"","url":"https:\/\/www.canadas-west.de\/author\/","identifier":1,"image":{"@type":"ImageObject","@id":"https:\/\/secure.gravatar.com\/avatar\/0ee2b6192cd06dcea0b65614729a0b10cafbccdb71fa9a5d2ca8d0d37da5c054?s=96&d=mm&r=g","url":"https:\/\/secure.gravatar.com\/avatar\/0ee2b6192cd06dcea0b65614729a0b10cafbccdb71fa9a5d2ca8d0d37da5c054?s=96&d=mm&r=g","height":96,"width":96}},"publisher":{"@type":"Organization","name":"canadas-west.de","logo":{"@type":"ImageObject","@id":"\/logo.png","url":"\/logo.png","width":600,"height":60}},"image":{"@type":"ImageObject","@id":"https:\/\/www.canadas-west.de\/wp-content\/uploads\/img_a357096_w3917_t1571733249.jpg","url":"https:\/\/www.canadas-west.de\/wp-content\/uploads\/img_a357096_w3917_t1571733249.jpg","height":0,"width":0},"keywords":null},{"@type":"Article","@id":"https:\/\/www.canadas-west.de\/so-verhindern-sie-cyberangriffe-auf-unternehmen\/","headline":"So verhindern Sie Cyberangriffe auf Unternehmen","url":"https:\/\/www.canadas-west.de\/so-verhindern-sie-cyberangriffe-auf-unternehmen\/","datePublished":"2021-04-19","dateModified":"2021-04-19","mainEntityOfPage":"https:\/\/www.canadas-west.de\/so-verhindern-sie-cyberangriffe-auf-unternehmen\/","author":{"@type":"Person","@id":"https:\/\/www.canadas-west.de\/author\/#Person","name":"","url":"https:\/\/www.canadas-west.de\/author\/","identifier":1,"image":{"@type":"ImageObject","@id":"https:\/\/secure.gravatar.com\/avatar\/0ee2b6192cd06dcea0b65614729a0b10cafbccdb71fa9a5d2ca8d0d37da5c054?s=96&d=mm&r=g","url":"https:\/\/secure.gravatar.com\/avatar\/0ee2b6192cd06dcea0b65614729a0b10cafbccdb71fa9a5d2ca8d0d37da5c054?s=96&d=mm&r=g","height":96,"width":96}},"publisher":{"@type":"Organization","name":"canadas-west.de","logo":{"@type":"ImageObject","@id":"\/logo.png","url":"\/logo.png","width":600,"height":60}},"image":{"@type":"ImageObject","@id":"https:\/\/www.canadas-west.de\/wp-content\/uploads\/img_a357425_w3812_t1572084136.jpg","url":"https:\/\/www.canadas-west.de\/wp-content\/uploads\/img_a357425_w3812_t1572084136.jpg","height":0,"width":0},"keywords":null}]}