{"@context":"https:\/\/schema.org\/","@type":"CollectionPage","@id":"https:\/\/www.canadas-west.de\/geschaft\/#CollectionPage","headline":"Gesch\u00e4ft Category","description":"","url":"https:\/\/www.canadas-west.de\/geschaft\/","hasPart":[{"@type":"Article","@id":"https:\/\/www.canadas-west.de\/klapptisch-klein-kompakte-losung-fur-maximale-flexibilitat\/","headline":"Klapptisch klein \u2013 kompakte L\u00f6sung f\u00fcr maximale Flexibilit\u00e4t","url":"https:\/\/www.canadas-west.de\/klapptisch-klein-kompakte-losung-fur-maximale-flexibilitat\/","datePublished":"2026-02-11","dateModified":"2026-02-11","mainEntityOfPage":"https:\/\/www.canadas-west.de\/klapptisch-klein-kompakte-losung-fur-maximale-flexibilitat\/","author":{"@type":"Person","@id":"https:\/\/www.canadas-west.de\/author\/#Person","name":"","url":"https:\/\/www.canadas-west.de\/author\/","identifier":1,"image":{"@type":"ImageObject","@id":"https:\/\/secure.gravatar.com\/avatar\/0ee2b6192cd06dcea0b65614729a0b10cafbccdb71fa9a5d2ca8d0d37da5c054?s=96&d=mm&r=g","url":"https:\/\/secure.gravatar.com\/avatar\/0ee2b6192cd06dcea0b65614729a0b10cafbccdb71fa9a5d2ca8d0d37da5c054?s=96&d=mm&r=g","height":96,"width":96}},"publisher":{"@type":"Organization","name":"canadas-west.de","logo":{"@type":"ImageObject","@id":"\/logo.png","url":"\/logo.png","width":600,"height":60}},"image":{"@type":"ImageObject","@id":"https:\/\/www.canadas-west.de\/wp-content\/uploads\/ChatGPT_Image_4._2._2026_14_29_59_VBasth.png","url":"https:\/\/www.canadas-west.de\/wp-content\/uploads\/ChatGPT_Image_4._2._2026_14_29_59_VBasth.png","height":0,"width":0},"keywords":null},{"@type":"Article","@id":"https:\/\/www.canadas-west.de\/kreativitat-am-arbeitsplatz\/","headline":"Kreativit\u00e4t am Arbeitsplatz","url":"https:\/\/www.canadas-west.de\/kreativitat-am-arbeitsplatz\/","datePublished":"2024-02-01","dateModified":"2024-02-01","mainEntityOfPage":"https:\/\/www.canadas-west.de\/kreativitat-am-arbeitsplatz\/","author":{"@type":"Person","@id":"https:\/\/www.canadas-west.de\/author\/#Person","name":"","url":"https:\/\/www.canadas-west.de\/author\/","identifier":1,"image":{"@type":"ImageObject","@id":"https:\/\/secure.gravatar.com\/avatar\/0ee2b6192cd06dcea0b65614729a0b10cafbccdb71fa9a5d2ca8d0d37da5c054?s=96&d=mm&r=g","url":"https:\/\/secure.gravatar.com\/avatar\/0ee2b6192cd06dcea0b65614729a0b10cafbccdb71fa9a5d2ca8d0d37da5c054?s=96&d=mm&r=g","height":96,"width":96}},"publisher":{"@type":"Organization","name":"canadas-west.de","logo":{"@type":"ImageObject","@id":"\/logo.png","url":"\/logo.png","width":600,"height":60}},"image":{"@type":"ImageObject","@id":"https:\/\/www.canadas-west.de\/wp-content\/uploads\/img_a301639_w2051_t1511726114.jpg","url":"https:\/\/www.canadas-west.de\/wp-content\/uploads\/img_a301639_w2051_t1511726114.jpg","height":0,"width":0},"keywords":null},{"@type":"Article","@id":"https:\/\/www.canadas-west.de\/wie-sie-ihr-eigenes-unternehmen-grunden\/","headline":"Wie Sie Ihr eigenes Unternehmen gr\u00fcnden","url":"https:\/\/www.canadas-west.de\/wie-sie-ihr-eigenes-unternehmen-grunden\/","datePublished":"2024-01-29","dateModified":"2024-01-29","mainEntityOfPage":"https:\/\/www.canadas-west.de\/wie-sie-ihr-eigenes-unternehmen-grunden\/","author":{"@type":"Person","@id":"https:\/\/www.canadas-west.de\/author\/#Person","name":"","url":"https:\/\/www.canadas-west.de\/author\/","identifier":1,"image":{"@type":"ImageObject","@id":"https:\/\/secure.gravatar.com\/avatar\/0ee2b6192cd06dcea0b65614729a0b10cafbccdb71fa9a5d2ca8d0d37da5c054?s=96&d=mm&r=g","url":"https:\/\/secure.gravatar.com\/avatar\/0ee2b6192cd06dcea0b65614729a0b10cafbccdb71fa9a5d2ca8d0d37da5c054?s=96&d=mm&r=g","height":96,"width":96}},"publisher":{"@type":"Organization","name":"canadas-west.de","logo":{"@type":"ImageObject","@id":"\/logo.png","url":"\/logo.png","width":600,"height":60}},"image":{"@type":"ImageObject","@id":"https:\/\/www.canadas-west.de\/wp-content\/uploads\/img_a362711_w4269_t1575745445.jpg","url":"https:\/\/www.canadas-west.de\/wp-content\/uploads\/img_a362711_w4269_t1575745445.jpg","height":0,"width":0},"keywords":null},{"@type":"Article","@id":"https:\/\/www.canadas-west.de\/ein-ehemaliger-monch-leitet-ein-meditationsunternehmen-im-wert-von-100-millionen-dollar\/","headline":"Ein ehemaliger M\u00f6nch leitet ein Meditationsunternehmen im Wert von 100 Millionen Dollar","url":"https:\/\/www.canadas-west.de\/ein-ehemaliger-monch-leitet-ein-meditationsunternehmen-im-wert-von-100-millionen-dollar\/","datePublished":"2023-05-17","dateModified":"2023-05-17","mainEntityOfPage":"https:\/\/www.canadas-west.de\/ein-ehemaliger-monch-leitet-ein-meditationsunternehmen-im-wert-von-100-millionen-dollar\/","author":{"@type":"Person","@id":"https:\/\/www.canadas-west.de\/author\/#Person","name":"","url":"https:\/\/www.canadas-west.de\/author\/","identifier":1,"image":{"@type":"ImageObject","@id":"https:\/\/secure.gravatar.com\/avatar\/0ee2b6192cd06dcea0b65614729a0b10cafbccdb71fa9a5d2ca8d0d37da5c054?s=96&d=mm&r=g","url":"https:\/\/secure.gravatar.com\/avatar\/0ee2b6192cd06dcea0b65614729a0b10cafbccdb71fa9a5d2ca8d0d37da5c054?s=96&d=mm&r=g","height":96,"width":96}},"publisher":{"@type":"Organization","name":"canadas-west.de","logo":{"@type":"ImageObject","@id":"\/logo.png","url":"\/logo.png","width":600,"height":60}},"image":{"@type":"ImageObject","@id":"https:\/\/www.canadas-west.de\/wp-content\/uploads\/img_a354883_w3719_t1569342356.jpg","url":"https:\/\/www.canadas-west.de\/wp-content\/uploads\/img_a354883_w3719_t1569342356.jpg","height":0,"width":0},"keywords":null},{"@type":"Article","@id":"https:\/\/www.canadas-west.de\/intelligenz-und-geschaftsverhandlungen\/","headline":"Intelligenz und Gesch\u00e4ftsverhandlungen","url":"https:\/\/www.canadas-west.de\/intelligenz-und-geschaftsverhandlungen\/","datePublished":"2023-04-15","dateModified":"2023-04-15","mainEntityOfPage":"https:\/\/www.canadas-west.de\/intelligenz-und-geschaftsverhandlungen\/","author":{"@type":"Person","@id":"https:\/\/www.canadas-west.de\/author\/#Person","name":"","url":"https:\/\/www.canadas-west.de\/author\/","identifier":1,"image":{"@type":"ImageObject","@id":"https:\/\/secure.gravatar.com\/avatar\/0ee2b6192cd06dcea0b65614729a0b10cafbccdb71fa9a5d2ca8d0d37da5c054?s=96&d=mm&r=g","url":"https:\/\/secure.gravatar.com\/avatar\/0ee2b6192cd06dcea0b65614729a0b10cafbccdb71fa9a5d2ca8d0d37da5c054?s=96&d=mm&r=g","height":96,"width":96}},"publisher":{"@type":"Organization","name":"canadas-west.de","logo":{"@type":"ImageObject","@id":"\/logo.png","url":"\/logo.png","width":600,"height":60}},"image":{"@type":"ImageObject","@id":"https:\/\/www.canadas-west.de\/wp-content\/uploads\/img_a366777_w4313_t1579373966.jpg","url":"https:\/\/www.canadas-west.de\/wp-content\/uploads\/img_a366777_w4313_t1579373966.jpg","height":0,"width":0},"keywords":null},{"@type":"Article","@id":"https:\/\/www.canadas-west.de\/warum-haben-sie-einen-online-shop\/","headline":"Warum haben Sie einen Online-Shop?","url":"https:\/\/www.canadas-west.de\/warum-haben-sie-einen-online-shop\/","datePublished":"2023-02-08","dateModified":"2023-02-08","mainEntityOfPage":"https:\/\/www.canadas-west.de\/warum-haben-sie-einen-online-shop\/","author":{"@type":"Person","@id":"https:\/\/www.canadas-west.de\/author\/#Person","name":"","url":"https:\/\/www.canadas-west.de\/author\/","identifier":1,"image":{"@type":"ImageObject","@id":"https:\/\/secure.gravatar.com\/avatar\/0ee2b6192cd06dcea0b65614729a0b10cafbccdb71fa9a5d2ca8d0d37da5c054?s=96&d=mm&r=g","url":"https:\/\/secure.gravatar.com\/avatar\/0ee2b6192cd06dcea0b65614729a0b10cafbccdb71fa9a5d2ca8d0d37da5c054?s=96&d=mm&r=g","height":96,"width":96}},"publisher":{"@type":"Organization","name":"canadas-west.de","logo":{"@type":"ImageObject","@id":"\/logo.png","url":"\/logo.png","width":600,"height":60}},"image":{"@type":"ImageObject","@id":"https:\/\/www.canadas-west.de\/wp-content\/uploads\/img_a352820_w3257_t1567247634.jpg","url":"https:\/\/www.canadas-west.de\/wp-content\/uploads\/img_a352820_w3257_t1567247634.jpg","height":0,"width":0},"keywords":null},{"@type":"Article","@id":"https:\/\/www.canadas-west.de\/werbeagenturen-sind-grossartige-helfer\/","headline":"Werbeagenturen sind gro\u00dfartige Helfer","url":"https:\/\/www.canadas-west.de\/werbeagenturen-sind-grossartige-helfer\/","datePublished":"2023-01-01","dateModified":"2023-01-01","mainEntityOfPage":"https:\/\/www.canadas-west.de\/werbeagenturen-sind-grossartige-helfer\/","author":{"@type":"Person","@id":"https:\/\/www.canadas-west.de\/author\/#Person","name":"","url":"https:\/\/www.canadas-west.de\/author\/","identifier":1,"image":{"@type":"ImageObject","@id":"https:\/\/secure.gravatar.com\/avatar\/0ee2b6192cd06dcea0b65614729a0b10cafbccdb71fa9a5d2ca8d0d37da5c054?s=96&d=mm&r=g","url":"https:\/\/secure.gravatar.com\/avatar\/0ee2b6192cd06dcea0b65614729a0b10cafbccdb71fa9a5d2ca8d0d37da5c054?s=96&d=mm&r=g","height":96,"width":96}},"publisher":{"@type":"Organization","name":"canadas-west.de","logo":{"@type":"ImageObject","@id":"\/logo.png","url":"\/logo.png","width":600,"height":60}},"image":{"@type":"ImageObject","@id":"https:\/\/www.canadas-west.de\/wp-content\/uploads\/img_a343272_w2338_t1556389026.jpg","url":"https:\/\/www.canadas-west.de\/wp-content\/uploads\/img_a343272_w2338_t1556389026.jpg","height":0,"width":0},"keywords":null},{"@type":"Article","@id":"https:\/\/www.canadas-west.de\/geld-zu-haben-ist-eine-gute-sache-wir-alle-wollen-eines-tages-reich-sein-milliarden-auf-der-bank-zu-haben-ist-vielleicht-nur\/","headline":"Geld zu haben ist eine gute Sache. Wir alle wollen eines Tages reich sein. Milliarden auf der Bank zu haben, ist vielleicht nur","url":"https:\/\/www.canadas-west.de\/geld-zu-haben-ist-eine-gute-sache-wir-alle-wollen-eines-tages-reich-sein-milliarden-auf-der-bank-zu-haben-ist-vielleicht-nur\/","datePublished":"2022-09-25","dateModified":"2022-09-25","mainEntityOfPage":"https:\/\/www.canadas-west.de\/geld-zu-haben-ist-eine-gute-sache-wir-alle-wollen-eines-tages-reich-sein-milliarden-auf-der-bank-zu-haben-ist-vielleicht-nur\/","author":{"@type":"Person","@id":"https:\/\/www.canadas-west.de\/author\/#Person","name":"","url":"https:\/\/www.canadas-west.de\/author\/","identifier":1,"image":{"@type":"ImageObject","@id":"https:\/\/secure.gravatar.com\/avatar\/0ee2b6192cd06dcea0b65614729a0b10cafbccdb71fa9a5d2ca8d0d37da5c054?s=96&d=mm&r=g","url":"https:\/\/secure.gravatar.com\/avatar\/0ee2b6192cd06dcea0b65614729a0b10cafbccdb71fa9a5d2ca8d0d37da5c054?s=96&d=mm&r=g","height":96,"width":96}},"publisher":{"@type":"Organization","name":"canadas-west.de","logo":{"@type":"ImageObject","@id":"\/logo.png","url":"\/logo.png","width":600,"height":60}},"image":null,"keywords":null},{"@type":"Article","@id":"https:\/\/www.canadas-west.de\/alte-teppiche-und-sofas-konnen-wie-neu-gereinigt-werden\/","headline":"Alte Teppiche und Sofas k\u00f6nnen wie neu gereinigt werden","url":"https:\/\/www.canadas-west.de\/alte-teppiche-und-sofas-konnen-wie-neu-gereinigt-werden\/","datePublished":"2022-07-13","dateModified":"2022-07-13","mainEntityOfPage":"https:\/\/www.canadas-west.de\/alte-teppiche-und-sofas-konnen-wie-neu-gereinigt-werden\/","author":{"@type":"Person","@id":"https:\/\/www.canadas-west.de\/author\/#Person","name":"","url":"https:\/\/www.canadas-west.de\/author\/","identifier":1,"image":{"@type":"ImageObject","@id":"https:\/\/secure.gravatar.com\/avatar\/0ee2b6192cd06dcea0b65614729a0b10cafbccdb71fa9a5d2ca8d0d37da5c054?s=96&d=mm&r=g","url":"https:\/\/secure.gravatar.com\/avatar\/0ee2b6192cd06dcea0b65614729a0b10cafbccdb71fa9a5d2ca8d0d37da5c054?s=96&d=mm&r=g","height":96,"width":96}},"publisher":{"@type":"Organization","name":"canadas-west.de","logo":{"@type":"ImageObject","@id":"\/logo.png","url":"\/logo.png","width":600,"height":60}},"image":{"@type":"ImageObject","@id":"https:\/\/www.canadas-west.de\/wp-content\/uploads\/img_a355555_w2993_t1569755668.jpg","url":"https:\/\/www.canadas-west.de\/wp-content\/uploads\/img_a355555_w2993_t1569755668.jpg","height":0,"width":0},"keywords":null},{"@type":"Article","@id":"https:\/\/www.canadas-west.de\/wie-lassen-sich-arbeitsmarkte-im-rahmen-der-wirtschaftstheorie-verstehen\/","headline":"Wie lassen sich Arbeitsm\u00e4rkte im Rahmen der Wirtschaftstheorie verstehen?","url":"https:\/\/www.canadas-west.de\/wie-lassen-sich-arbeitsmarkte-im-rahmen-der-wirtschaftstheorie-verstehen\/","datePublished":"2022-07-02","dateModified":"2022-07-02","mainEntityOfPage":"https:\/\/www.canadas-west.de\/wie-lassen-sich-arbeitsmarkte-im-rahmen-der-wirtschaftstheorie-verstehen\/","author":{"@type":"Person","@id":"https:\/\/www.canadas-west.de\/author\/#Person","name":"","url":"https:\/\/www.canadas-west.de\/author\/","identifier":1,"image":{"@type":"ImageObject","@id":"https:\/\/secure.gravatar.com\/avatar\/0ee2b6192cd06dcea0b65614729a0b10cafbccdb71fa9a5d2ca8d0d37da5c054?s=96&d=mm&r=g","url":"https:\/\/secure.gravatar.com\/avatar\/0ee2b6192cd06dcea0b65614729a0b10cafbccdb71fa9a5d2ca8d0d37da5c054?s=96&d=mm&r=g","height":96,"width":96}},"publisher":{"@type":"Organization","name":"canadas-west.de","logo":{"@type":"ImageObject","@id":"\/logo.png","url":"\/logo.png","width":600,"height":60}},"image":{"@type":"ImageObject","@id":"https:\/\/www.canadas-west.de\/wp-content\/uploads\/img_a371246_w4374_t1582729490.jpg","url":"https:\/\/www.canadas-west.de\/wp-content\/uploads\/img_a371246_w4374_t1582729490.jpg","height":0,"width":0},"keywords":null}]}